{"id":1218,"date":"2023-06-16T09:36:08","date_gmt":"2023-06-16T12:36:08","guid":{"rendered":"https:\/\/relvaplac.com.br\/?p=1218"},"modified":"2023-06-30T10:13:54","modified_gmt":"2023-06-30T13:13:54","slug":"moveis-de-compensado%ef%bf%bc","status":"publish","type":"post","link":"https:\/\/relvaplac.com.br\/en\/moveis-de-compensado%ef%bf%bc\/","title":{"rendered":"M\u00f3veis de compensado"},"content":{"rendered":"<p>Cada vez mais presente no dia a dia das pessoas, os m\u00f3veis de compensado s\u00e3o um grande coringa em decora\u00e7\u00f5es e obras.<\/p>\n\n\n\n<p>Isso porque, mesmo sendo subestimado durante muito tempo pelas pessoas, os diferentes tipos de compensados conseguem ser uma op\u00e7\u00e3o bonita e f\u00e1cil para a produ\u00e7\u00e3o de m\u00f3veis.&nbsp;<\/p>\n\n\n\n<p>Mas, com cada vez mais arquitetos conseguindo enxergar seus valores e, desse modo, criando mais oportunidades para o uso, os compensados t\u00eam ca\u00eddo no gosto popular.<\/p>\n\n\n\n<p>Assim, embora ainda n\u00e3o sejam muito utilizados no Brasil como decora\u00e7\u00e3o, eles s\u00e3o muito populares na Europa e Estado Unidos.<\/p>\n\n\n\n<p>O uso de compensados oferece v\u00e1rias possibilidades para quem busca um ambiente moderno, personalizado e com uma beleza diferente.<\/p>\n\n\n\n<p>E, desse modo, os diferentes m\u00f3veis feitos com compensados de madeiras, podem estar mais pr\u00f3ximos do que voc\u00ea imagina.<\/p>\n\n\n\n<p>Afinal, usar eles garante m\u00f3veis leves, bonitos e podendo ser personalizado de diferentes maneiras.<\/p>\n\n\n\n<p>Al\u00e9m disso, seus usos s\u00e3o v\u00e1rios, podendo ser at\u00e9 mesmo usados em ambientes \u00famidos.<\/p>\n\n\n\n<p>Ent\u00e3o, se voc\u00ea quer conhecer os diversos usos do compensado em m\u00f3veis e como eles podem ser melhor aproveitados, esse artigo \u00e9 especialmente para voc\u00ea!<\/p>\n\n\n\n<h2 class=\"wp-block-heading\"><strong>O que s\u00e3o os m\u00f3veis de compensado?<\/strong><\/h2>\n\n\n\n<p>Os m\u00f3veis de compensado s\u00e3o m\u00f3veis produzidos por um material composto por fibras de madeiras, sendo feitos &#8211; geralmente &#8211; em chapas.<\/p>\n\n\n\n<p>Eles podem ter diversos acabamentos e modos de serem feitos, sendo usados como suportes (cadeiras e bancos) ou at\u00e9 mesmo como o m\u00f3vel total (mesas).<\/p>\n\n\n\n<p>Ent\u00e3o, assim, os m\u00f3veis de compensado s\u00e3o altamente recomendados para qualquer \u00e1rea da casa, j\u00e1 que eles podem ser feitos at\u00e9 mesmo de compensados navais.<\/p>\n\n\n\n<p>Esses compensados podem ser utilizados em \u00e1reas \u00famidas ou em contato direto com a \u00e1gua, desde que feita a manuten\u00e7\u00e3o de forma correta.<\/p>\n\n\n\n<h2 class=\"wp-block-heading\"><strong>Principais motivos para usar compensados na decora\u00e7\u00e3o<\/strong><\/h2>\n\n\n\n<p>Al\u00e9m de resistentes \u00e0 umidade, as chapas de compensados podem ser usadas em qualquer ambiente, at\u00e9 mesmo em cozinhas e banheiros.<\/p>\n\n\n\n<p>Por serem bem vers\u00e1teis, podem ser usados em v\u00e1rios estilos de decora\u00e7\u00e3o: do mais r\u00fastico ao mais moderno.<\/p>\n\n\n\n<p>Ent\u00e3o, conhe\u00e7a os principais motivos para apostar nas madeiras de compensados.<\/p>\n\n\n\n<h3 class=\"wp-block-heading\"><strong>Versatilidade<\/strong><\/h3>\n\n\n\n<p>Os compensados podem ser usados em qualquer ambiente da casa, j\u00e1 que eles possuem resist\u00eancia a umidade e n\u00e3o precisam se preocupar com fungos.<\/p>\n\n\n\n<p>Para dar um ar r\u00fastico ao ambiente, a sugest\u00e3o \u00e9 usar o compensado natural, sem tinta.<\/p>\n\n\n\n<p>Mas se quiser colocar cor, voc\u00ea tem total liberdade para isso. Os compensados aceitam pintura e revestimento de tecido, por exemplo.<\/p>\n\n\n\n<p>Eles s\u00e3o t\u00e3o f\u00e1ceis de manusear que, at\u00e9 aquelas pessoas que nunca fizeram um m\u00f3vel, conseguem montar uma pe\u00e7a de acordo com seu estilo.<\/p>\n\n\n\n<h3 class=\"wp-block-heading\"><strong>Do it yourself<\/strong><\/h3>\n\n\n\n<p>Ou, em portugu\u00eas, o bom \u201cfa\u00e7a voc\u00ea mesmo\u201d. Essa onda de fazer voc\u00ea mesmo \u00e9 algo que tem sido muito utilizado nos \u00faltimos anos.<\/p>\n\n\n\n<p>Desse modo, o compensado \u00e9 uma \u00f3tima mat\u00e9ria prima para criar um novo ambiente, do seu jeito, com sua cara e com suas pr\u00f3prias m\u00e3os.<\/p>\n\n\n\n<p>Uma boa dica \u00e9 come\u00e7ar com m\u00f3veis de linha reta, como uma cabeceira de cama, nichos, prateleiras ou suporte para TV, por exemplo.<\/p>\n\n\n\n<h3 class=\"wp-block-heading\"><strong>Tend\u00eancia<\/strong><\/h3>\n\n\n\n<p>Bem, por serem cores terrosas e simples, as cores dos compensados n\u00e3o s\u00e3o t\u00e3o padr\u00f5es e, por isso, podem ser usadas de diferentes maneiras.&nbsp;<\/p>\n\n\n\n<p>Al\u00e9m disso, a utiliza\u00e7\u00e3o dessas cores em contraste com outros elementos, como plantas, \u00e1reas de escape visual e tapetes.<\/p>\n\n\n\n<h3 class=\"wp-block-heading\"><strong>Preserva\u00e7\u00e3o do meio ambiente<\/strong><\/h3>\n\n\n\n<p>Por se tratar de uma madeira sustent\u00e1vel, quando voc\u00ea estiver usando o compensado estar\u00e1 contribuindo com o meio ambiente de forma indireta.<\/p>\n\n\n\n<p>Eles s\u00e3o produzidos com madeiras de reflorestamento e madeira tropical, com o menor impacto ambiental poss\u00edvel.<\/p>\n\n\n\n<h2 class=\"wp-block-heading\"><strong>Ambientes que podem ser usados compensado na decora\u00e7\u00e3o<\/strong><\/h2>\n\n\n\n<p>Como j\u00e1 falamos, o compensado \u00e9 muito vers\u00e1til e duradouro, al\u00e9m de ser resistente a umidade, mofos e fungos.&nbsp;<\/p>\n\n\n\n<p>Por isso, ele pode ser usado em v\u00e1rios ambientes. Vamos ver alguns:<\/p>\n\n\n\n<h3 class=\"wp-block-heading\"><strong>Banheiro e cozinha<\/strong><\/h3>\n\n\n\n<p>Usar madeira em ambientes \u00famidos como banheiros e cozinhas sempre traz um pouco de receio.<\/p>\n\n\n\n<p>D\u00e1 aquele medo do m\u00f3vel inchar ou acabar se deteriorando \u00e0 medida que vai recebendo umidade e calor.<\/p>\n\n\n\n<p>O compensado \u00e9 a melhor op\u00e7\u00e3o para os m\u00f3veis nesses ambientes, pois possui resist\u00eancia \u00e0 \u00e1gua, como \u00e9 o caso do compensado naval.<\/p>\n\n\n\n<p>Com as chapas de compensado voc\u00ea pode criar uma bancada para sua cozinha ou pia, vai ficar resistente e muito estilosa.<\/p>\n\n\n\n<h3 class=\"wp-block-heading\"><strong>Salas de TV e salas de estar<\/strong><\/h3>\n\n\n\n<p>Voc\u00ea pode fazer aquele painel incr\u00edvel para a sua televis\u00e3o, revestindo a parede de forma integral ou parcial.<\/p>\n\n\n\n<p>Os compensados podem substituir os pap\u00e9is de parede na parte de revestimento, vai ficar incr\u00edvel e exclusivo.<\/p>\n\n\n\n<h3 class=\"wp-block-heading\"><strong>Sala de jantar<\/strong>&nbsp;<\/h3>\n\n\n\n<p>Uma ideia legal \u00e9 fazer uma mesa de jantar compensado para receber suas visitas e reunir a fam\u00edlia.<\/p>\n\n\n\n<p>Al\u00e9m da mesa, voc\u00ea pode fazer as cadeiras ou um banco bem r\u00fastico na \u00e1rea de churrasco.<\/p>\n\n\n\n<h3 class=\"wp-block-heading\"><strong>Quarto<\/strong><\/h3>\n\n\n\n<p>O compensado tamb\u00e9m pode ser usado no quarto. Para dar um toque de modernidade em um quarto com estilo proven\u00e7al, por exemplo.<\/p>\n\n\n\n<p>Pode ser feito uma cabeceira de cama com compensados fixados de v\u00e1rias formas, criando uma identidade para seu m\u00f3vel.<\/p>\n\n\n\n<p>Tamb\u00e9m \u00e9 poss\u00edvel fazer os criados-mudos e o painel da televis\u00e3o de compensado para combinar com o ambiente.<\/p>\n\n\n\n<h3 class=\"wp-block-heading\"><strong>\u00c1rea externa<\/strong><\/h3>\n\n\n\n<p>Por causa da sua durabilidade e resist\u00eancia, os compensados tamb\u00e9m podem ser usados nas \u00e1reas externas, como churrasqueiras e espa\u00e7os gourmet.<\/p>\n\n\n\n<p>Uma bancada para servir e atender os amigos, com bancos de base de compensado vai dar um estilo r\u00fastico para seu espa\u00e7o e criar um ambiente agrad\u00e1vel e aconchegante.<\/p>\n\n\n\n<p>Se voc\u00ea deseja saber mais sobre como usar os m\u00f3veis de compensado em sua casa, venha para a Relvaplac. Aqui possu\u00edmos diferentes modelos de compensados para voc\u00ea escolher.<\/p>\n\n\n\n<p>Al\u00e9m disso, nossos atendentes est\u00e3o prontamente preparados para auxiliar voc\u00ea em sua escolha, podendo at\u00e9 mesmo mostrar a diferen\u00e7a entre os compensados.<\/p>\n\n\n\n<p>Veja mais:<\/p>\n\n\n\n<p><a href=\"https:\/\/relvaplac.com.br\/en\/voce-sabe-para-que-serve-o-compensado-virola\/\">Voc\u00ea sabe para que serve o compensado Virola?<\/a><\/p>","protected":false},"excerpt":{"rendered":"<p>Cada vez mais presente no dia a dia das pessoas, os m\u00f3veis de compensado s\u00e3o um grande coringa em decora\u00e7\u00f5es e obras. Isso porque, mesmo sendo subestimado durante muito tempo pelas pessoas, os diferentes tipos de compensados conseguem ser uma op\u00e7\u00e3o bonita e f\u00e1cil para a produ\u00e7\u00e3o de m\u00f3veis.&nbsp; Mas, com cada vez mais arquitetos [&hellip;]<\/p>","protected":false},"author":2,"featured_media":1219,"comment_status":"open","ping_status":"open","sticky":false,"template":"","format":"standard","meta":{"footnotes":""},"categories":[34],"tags":[],"yoast_head":"<!-- This site is optimized with the Yoast SEO plugin v22.5 - https:\/\/yoast.com\/wordpress\/plugins\/seo\/ -->\n<title>M\u00f3veis de compensado - Relvaplac Compensados<\/title>\n<meta name=\"robots\" content=\"index, follow, max-snippet:-1, max-image-preview:large, max-video-preview:-1\" \/>\n<link rel=\"canonical\" href=\"https:\/\/relvaplac.com.br\/en\/moveis-de-compensado\ufffc\/\" \/>\n<meta property=\"og:locale\" content=\"en_US\" \/>\n<meta property=\"og:type\" content=\"article\" \/>\n<meta property=\"og:title\" content=\"M\u00f3veis de compensado - Relvaplac Compensados\" \/>\n<meta property=\"og:description\" content=\"Cada vez mais presente no dia a dia das pessoas, os m\u00f3veis de compensado s\u00e3o um grande coringa em decora\u00e7\u00f5es e obras. Isso porque, mesmo sendo subestimado durante muito tempo pelas pessoas, os diferentes tipos de compensados conseguem ser uma op\u00e7\u00e3o bonita e f\u00e1cil para a produ\u00e7\u00e3o de m\u00f3veis.&nbsp; Mas, com cada vez mais arquitetos [&hellip;]\" \/>\n<meta property=\"og:url\" content=\"https:\/\/relvaplac.com.br\/en\/moveis-de-compensado\ufffc\/\" \/>\n<meta property=\"og:site_name\" content=\"Relvaplac Compensados\" \/>\n<meta property=\"article:published_time\" content=\"2023-06-16T12:36:08+00:00\" \/>\n<meta property=\"article:modified_time\" content=\"2023-06-30T13:13:54+00:00\" \/>\n<meta property=\"og:image\" content=\"http:\/\/relvaplac.com.br\/wp-content\/uploads\/2023\/06\/carpinteiro-cortando-placa-de-mdf-dentro-da-oficina-1.jpg\" \/>\n\t<meta property=\"og:image:width\" content=\"500\" \/>\n\t<meta property=\"og:image:height\" content=\"300\" \/>\n\t<meta property=\"og:image:type\" content=\"image\/jpeg\" \/>\n<meta name=\"author\" content=\"blog\" \/>\n<meta name=\"twitter:card\" content=\"summary_large_image\" \/>\n<meta name=\"twitter:label1\" content=\"Written by\" \/>\n\t<meta name=\"twitter:data1\" content=\"blog\" \/>\n\t<meta name=\"twitter:label2\" content=\"Est. reading time\" \/>\n\t<meta name=\"twitter:data2\" content=\"5 minutes\" \/>\n<script type=\"application\/ld+json\" class=\"yoast-schema-graph\">{\"@context\":\"https:\/\/schema.org\",\"@graph\":[{\"@type\":\"WebPage\",\"@id\":\"https:\/\/relvaplac.com.br\/moveis-de-compensado%ef%bf%bc\/\",\"url\":\"https:\/\/relvaplac.com.br\/moveis-de-compensado%ef%bf%bc\/\",\"name\":\"M\u00f3veis de compensado - Relvaplac Compensados\",\"isPartOf\":{\"@id\":\"https:\/\/relvaplac.com.br\/#website\"},\"primaryImageOfPage\":{\"@id\":\"https:\/\/relvaplac.com.br\/moveis-de-compensado%ef%bf%bc\/#primaryimage\"},\"image\":{\"@id\":\"https:\/\/relvaplac.com.br\/moveis-de-compensado%ef%bf%bc\/#primaryimage\"},\"thumbnailUrl\":\"https:\/\/relvaplac.com.br\/wp-content\/uploads\/2023\/06\/carpinteiro-cortando-placa-de-mdf-dentro-da-oficina-1.jpg\",\"datePublished\":\"2023-06-16T12:36:08+00:00\",\"dateModified\":\"2023-06-30T13:13:54+00:00\",\"author\":{\"@id\":\"https:\/\/relvaplac.com.br\/#\/schema\/person\/948c79c7e8a3a9ead5ecb4a5d273016c\"},\"breadcrumb\":{\"@id\":\"https:\/\/relvaplac.com.br\/moveis-de-compensado%ef%bf%bc\/#breadcrumb\"},\"inLanguage\":\"en-US\",\"potentialAction\":[{\"@type\":\"ReadAction\",\"target\":[\"https:\/\/relvaplac.com.br\/moveis-de-compensado%ef%bf%bc\/\"]}]},{\"@type\":\"ImageObject\",\"inLanguage\":\"en-US\",\"@id\":\"https:\/\/relvaplac.com.br\/moveis-de-compensado%ef%bf%bc\/#primaryimage\",\"url\":\"https:\/\/relvaplac.com.br\/wp-content\/uploads\/2023\/06\/carpinteiro-cortando-placa-de-mdf-dentro-da-oficina-1.jpg\",\"contentUrl\":\"https:\/\/relvaplac.com.br\/wp-content\/uploads\/2023\/06\/carpinteiro-cortando-placa-de-mdf-dentro-da-oficina-1.jpg\",\"width\":500,\"height\":300,\"caption\":\"Foto: Freepik.\"},{\"@type\":\"BreadcrumbList\",\"@id\":\"https:\/\/relvaplac.com.br\/moveis-de-compensado%ef%bf%bc\/#breadcrumb\",\"itemListElement\":[{\"@type\":\"ListItem\",\"position\":1,\"name\":\"In\u00edcio\",\"item\":\"https:\/\/relvaplac.com.br\/pt_br\/\"},{\"@type\":\"ListItem\",\"position\":2,\"name\":\"M\u00f3veis de compensado\"}]},{\"@type\":\"WebSite\",\"@id\":\"https:\/\/relvaplac.com.br\/#website\",\"url\":\"https:\/\/relvaplac.com.br\/\",\"name\":\"Relvaplac Compensados\",\"description\":\"Exportamos para todos os continentes\",\"potentialAction\":[{\"@type\":\"SearchAction\",\"target\":{\"@type\":\"EntryPoint\",\"urlTemplate\":\"https:\/\/relvaplac.com.br\/?s={search_term_string}\"},\"query-input\":\"required name=search_term_string\"}],\"inLanguage\":\"en-US\"},{\"@type\":\"Person\",\"@id\":\"https:\/\/relvaplac.com.br\/#\/schema\/person\/948c79c7e8a3a9ead5ecb4a5d273016c\",\"name\":\"blog\",\"image\":{\"@type\":\"ImageObject\",\"inLanguage\":\"en-US\",\"@id\":\"https:\/\/relvaplac.com.br\/#\/schema\/person\/image\/\",\"url\":\"https:\/\/secure.gravatar.com\/avatar\/0e72f847a2efd70e0b224db73715ca9a?s=96&d=mm&r=g\",\"contentUrl\":\"https:\/\/secure.gravatar.com\/avatar\/0e72f847a2efd70e0b224db73715ca9a?s=96&d=mm&r=g\",\"caption\":\"blog\"},\"url\":\"https:\/\/relvaplac.com.br\/en\/author\/blog\/\"}]}<\/script>\n<!-- \/ Yoast SEO plugin. -->","yoast_head_json":{"title":"M\u00f3veis de compensado - Relvaplac Compensados","robots":{"index":"index","follow":"follow","max-snippet":"max-snippet:-1","max-image-preview":"max-image-preview:large","max-video-preview":"max-video-preview:-1"},"canonical":"https:\/\/relvaplac.com.br\/en\/moveis-de-compensado\ufffc\/","og_locale":"en_US","og_type":"article","og_title":"M\u00f3veis de compensado - Relvaplac Compensados","og_description":"Cada vez mais presente no dia a dia das pessoas, os m\u00f3veis de compensado s\u00e3o um grande coringa em decora\u00e7\u00f5es e obras. Isso porque, mesmo sendo subestimado durante muito tempo pelas pessoas, os diferentes tipos de compensados conseguem ser uma op\u00e7\u00e3o bonita e f\u00e1cil para a produ\u00e7\u00e3o de m\u00f3veis.&nbsp; Mas, com cada vez mais arquitetos [&hellip;]","og_url":"https:\/\/relvaplac.com.br\/en\/moveis-de-compensado\ufffc\/","og_site_name":"Relvaplac Compensados","article_published_time":"2023-06-16T12:36:08+00:00","article_modified_time":"2023-06-30T13:13:54+00:00","og_image":[{"width":500,"height":300,"url":"http:\/\/relvaplac.com.br\/wp-content\/uploads\/2023\/06\/carpinteiro-cortando-placa-de-mdf-dentro-da-oficina-1.jpg","type":"image\/jpeg"}],"author":"blog","twitter_card":"summary_large_image","twitter_misc":{"Written by":"blog","Est. reading time":"5 minutes"},"schema":{"@context":"https:\/\/schema.org","@graph":[{"@type":"WebPage","@id":"https:\/\/relvaplac.com.br\/moveis-de-compensado%ef%bf%bc\/","url":"https:\/\/relvaplac.com.br\/moveis-de-compensado%ef%bf%bc\/","name":"M\u00f3veis de compensado - Relvaplac Compensados","isPartOf":{"@id":"https:\/\/relvaplac.com.br\/#website"},"primaryImageOfPage":{"@id":"https:\/\/relvaplac.com.br\/moveis-de-compensado%ef%bf%bc\/#primaryimage"},"image":{"@id":"https:\/\/relvaplac.com.br\/moveis-de-compensado%ef%bf%bc\/#primaryimage"},"thumbnailUrl":"https:\/\/relvaplac.com.br\/wp-content\/uploads\/2023\/06\/carpinteiro-cortando-placa-de-mdf-dentro-da-oficina-1.jpg","datePublished":"2023-06-16T12:36:08+00:00","dateModified":"2023-06-30T13:13:54+00:00","author":{"@id":"https:\/\/relvaplac.com.br\/#\/schema\/person\/948c79c7e8a3a9ead5ecb4a5d273016c"},"breadcrumb":{"@id":"https:\/\/relvaplac.com.br\/moveis-de-compensado%ef%bf%bc\/#breadcrumb"},"inLanguage":"en-US","potentialAction":[{"@type":"ReadAction","target":["https:\/\/relvaplac.com.br\/moveis-de-compensado%ef%bf%bc\/"]}]},{"@type":"ImageObject","inLanguage":"en-US","@id":"https:\/\/relvaplac.com.br\/moveis-de-compensado%ef%bf%bc\/#primaryimage","url":"https:\/\/relvaplac.com.br\/wp-content\/uploads\/2023\/06\/carpinteiro-cortando-placa-de-mdf-dentro-da-oficina-1.jpg","contentUrl":"https:\/\/relvaplac.com.br\/wp-content\/uploads\/2023\/06\/carpinteiro-cortando-placa-de-mdf-dentro-da-oficina-1.jpg","width":500,"height":300,"caption":"Foto: Freepik."},{"@type":"BreadcrumbList","@id":"https:\/\/relvaplac.com.br\/moveis-de-compensado%ef%bf%bc\/#breadcrumb","itemListElement":[{"@type":"ListItem","position":1,"name":"In\u00edcio","item":"https:\/\/relvaplac.com.br\/pt_br\/"},{"@type":"ListItem","position":2,"name":"M\u00f3veis de compensado"}]},{"@type":"WebSite","@id":"https:\/\/relvaplac.com.br\/#website","url":"https:\/\/relvaplac.com.br\/","name":"Relvaplac Compensados","description":"Exportamos para todos os continentes","potentialAction":[{"@type":"SearchAction","target":{"@type":"EntryPoint","urlTemplate":"https:\/\/relvaplac.com.br\/?s={search_term_string}"},"query-input":"required name=search_term_string"}],"inLanguage":"en-US"},{"@type":"Person","@id":"https:\/\/relvaplac.com.br\/#\/schema\/person\/948c79c7e8a3a9ead5ecb4a5d273016c","name":"blog","image":{"@type":"ImageObject","inLanguage":"en-US","@id":"https:\/\/relvaplac.com.br\/#\/schema\/person\/image\/","url":"https:\/\/secure.gravatar.com\/avatar\/0e72f847a2efd70e0b224db73715ca9a?s=96&d=mm&r=g","contentUrl":"https:\/\/secure.gravatar.com\/avatar\/0e72f847a2efd70e0b224db73715ca9a?s=96&d=mm&r=g","caption":"blog"},"url":"https:\/\/relvaplac.com.br\/en\/author\/blog\/"}]}},"_links":{"self":[{"href":"https:\/\/relvaplac.com.br\/en\/wp-json\/wp\/v2\/posts\/1218"}],"collection":[{"href":"https:\/\/relvaplac.com.br\/en\/wp-json\/wp\/v2\/posts"}],"about":[{"href":"https:\/\/relvaplac.com.br\/en\/wp-json\/wp\/v2\/types\/post"}],"author":[{"embeddable":true,"href":"https:\/\/relvaplac.com.br\/en\/wp-json\/wp\/v2\/users\/2"}],"replies":[{"embeddable":true,"href":"https:\/\/relvaplac.com.br\/en\/wp-json\/wp\/v2\/comments?post=1218"}],"version-history":[{"count":2,"href":"https:\/\/relvaplac.com.br\/en\/wp-json\/wp\/v2\/posts\/1218\/revisions"}],"predecessor-version":[{"id":1223,"href":"https:\/\/relvaplac.com.br\/en\/wp-json\/wp\/v2\/posts\/1218\/revisions\/1223"}],"wp:featuredmedia":[{"embeddable":true,"href":"https:\/\/relvaplac.com.br\/en\/wp-json\/wp\/v2\/media\/1219"}],"wp:attachment":[{"href":"https:\/\/relvaplac.com.br\/en\/wp-json\/wp\/v2\/media?parent=1218"}],"wp:term":[{"taxonomy":"category","embeddable":true,"href":"https:\/\/relvaplac.com.br\/en\/wp-json\/wp\/v2\/categories?post=1218"},{"taxonomy":"post_tag","embeddable":true,"href":"https:\/\/relvaplac.com.br\/en\/wp-json\/wp\/v2\/tags?post=1218"}],"curies":[{"name":"wp","href":"https:\/\/api.w.org\/{rel}","templated":true}]}}