{"id":999,"date":"2022-05-06T18:00:00","date_gmt":"2022-05-06T21:00:00","guid":{"rendered":"https:\/\/relvaplac.com.br\/?p=999"},"modified":"2022-05-06T15:27:54","modified_gmt":"2022-05-06T18:27:54","slug":"cuidados-para-aumentar-a-vida-util-do-movel-compensado","status":"publish","type":"post","link":"https:\/\/relvaplac.com.br\/en\/cuidados-para-aumentar-a-vida-util-do-movel-compensado\/","title":{"rendered":"Cuidados para aumentar a vida \u00fatil do m\u00f3vel compensado"},"content":{"rendered":"<p>A cada dia mais os compensados s\u00e3o popularizados e conhecidos e utilizados no Brasil , assim como j\u00e1 acontece na Europa, Am\u00e9rica do Norte e outras regi\u00f5es, pelos resultados que entregam nas mais diferentes aplica\u00e7\u00f5es com muita facilidade e bom resultado.<\/p>\n\n\n\n<p>Hoje separamos alguns cuidados de conserva\u00e7\u00e3o que podem ser essenciais para aumentar a vida \u00fatil e manter a apar\u00eancia dos seus compensados. Ent\u00e3o acompanhe nossas indica\u00e7\u00f5es.<\/p>\n\n\n\n<div class=\"wp-block-image\"><figure class=\"aligncenter size-full is-resized\"><img fetchpriority=\"high\" decoding=\"async\" src=\"https:\/\/relvaplac.com.br\/wp-content\/uploads\/2022\/05\/f6e703a54a2c748cb7088132e35300a9.jpg\" alt=\"\" class=\"wp-image-1005\" width=\"600\" height=\"723\" srcset=\"https:\/\/relvaplac.com.br\/wp-content\/uploads\/2022\/05\/f6e703a54a2c748cb7088132e35300a9.jpg 748w, https:\/\/relvaplac.com.br\/wp-content\/uploads\/2022\/05\/f6e703a54a2c748cb7088132e35300a9-249x300.jpg 249w, https:\/\/relvaplac.com.br\/wp-content\/uploads\/2022\/05\/f6e703a54a2c748cb7088132e35300a9-10x12.jpg 10w\" sizes=\"(max-width: 600px) 100vw, 600px\" \/><figcaption>Foto: Reprodu\u00e7\u00e3o Pinterest<\/figcaption><\/figure><\/div>\n\n\n\n<h2 class=\"wp-block-heading\"><strong>Mantenha longe da umidade<\/strong><\/h2>\n\n\n\n<p>Mesmo que alguns tipos de compensados tenham resist\u00eancia, evite ficar expondo-os a ambientes \u00famidos e ou limpeza com \u00e1gua. Isso se deve ao fato que m\u00f3veis que s\u00e3o recentemente lavados podem acabar retendo l\u00edquido e inchando.<\/p>\n\n\n\n<h2 class=\"wp-block-heading\"><strong>N\u00e3o exponha ao calor<\/strong><\/h2>\n\n\n\n<p>Evite ficar colocando objetos muito quentes em cima do m\u00f3vel ou deix\u00e1-lo exposto ao sol.<\/p>\n\n\n\n<p>A incid\u00eancia de raios solares podem causar altera\u00e7\u00f5es nas caracter\u00edsticas como a cor e at\u00e9 mesmo o formato do compensado, al\u00e9m de causar danos e deformidades.<\/p>\n\n\n\n<h2 class=\"wp-block-heading\"><strong>Aten\u00e7\u00e3o ao peso<\/strong><\/h2>\n\n\n\n<div class=\"wp-block-image\"><figure class=\"aligncenter size-full is-resized\"><img decoding=\"async\" src=\"https:\/\/relvaplac.com.br\/wp-content\/uploads\/2022\/05\/prateleiras-compensado-de-madeira-2.jpg\" alt=\"\" class=\"wp-image-1013\" width=\"593\" height=\"395\" srcset=\"https:\/\/relvaplac.com.br\/wp-content\/uploads\/2022\/05\/prateleiras-compensado-de-madeira-2.jpg 1024w, https:\/\/relvaplac.com.br\/wp-content\/uploads\/2022\/05\/prateleiras-compensado-de-madeira-2-300x200.jpg 300w, https:\/\/relvaplac.com.br\/wp-content\/uploads\/2022\/05\/prateleiras-compensado-de-madeira-2-768x512.jpg 768w, https:\/\/relvaplac.com.br\/wp-content\/uploads\/2022\/05\/prateleiras-compensado-de-madeira-2-18x12.jpg 18w\" sizes=\"(max-width: 593px) 100vw, 593px\" \/><figcaption>Foto: Reprodu\u00e7\u00e3o Pinterest<\/figcaption><\/figure><\/div>\n\n\n\n<p>Consulte com seu marceneiro ou no manual do m\u00f3vel informa\u00e7\u00f5es sobre qual o peso m\u00e1ximo suportado.Respeite os limites do compensado e n\u00e3o ultrapasse o peso indicado. Esse cuidado pode evitar danos como rachaduras, rod\u00edzios quebrados, prateleiras tortas, entre outros.<\/p>\n\n\n\n<h2 class=\"wp-block-heading\"><strong>Cuidado com quinas e objetos pontiagudos<\/strong><\/h2>\n\n\n\n<p>Evite usar objetos pontiagudos como facas sobre o m\u00f3vel, qualquer distra\u00e7\u00e3o pode danific\u00e1-lo com cortes e riscos em sua superf\u00edcie.<\/p>\n\n\n\n<div class=\"wp-block-image\"><figure class=\"aligncenter size-full is-resized\"><img decoding=\"async\" src=\"https:\/\/relvaplac.com.br\/wp-content\/uploads\/2022\/05\/close-up-male-hand-using-cloth-wipes-on-the-wooden-cabinet-with-drawer-and-holding-spray-bottle-to-cleaning-furniture-at-home.jpg\" alt=\"\" class=\"wp-image-1006\" width=\"416\" height=\"625\" srcset=\"https:\/\/relvaplac.com.br\/wp-content\/uploads\/2022\/05\/close-up-male-hand-using-cloth-wipes-on-the-wooden-cabinet-with-drawer-and-holding-spray-bottle-to-cleaning-furniture-at-home.jpg 666w, https:\/\/relvaplac.com.br\/wp-content\/uploads\/2022\/05\/close-up-male-hand-using-cloth-wipes-on-the-wooden-cabinet-with-drawer-and-holding-spray-bottle-to-cleaning-furniture-at-home-200x300.jpg 200w, https:\/\/relvaplac.com.br\/wp-content\/uploads\/2022\/05\/close-up-male-hand-using-cloth-wipes-on-the-wooden-cabinet-with-drawer-and-holding-spray-bottle-to-cleaning-furniture-at-home-8x12.jpg 8w\" sizes=\"(max-width: 416px) 100vw, 416px\" \/><figcaption>Foto: Reprodu\u00e7\u00e3o Freepik<\/figcaption><\/figure><\/div>\n\n\n\n<h2 class=\"wp-block-heading\"><strong>Limpeza adequada<\/strong><\/h2>\n\n\n\n<p>\u00c9 preciso ter alguns cuidados ao manter a limpeza e boa apar\u00eancia de compensados. Quando feito de forma incorreta pode prejudicar a pe\u00e7a com manchas e outros danos.<\/p>\n\n\n\n<p>Para aumentar a vida \u00fatil do m\u00f3vel siga as seguintes dicas de produtos que podem ou n\u00e3o ser usados na limpeza:<\/p>\n\n\n\n<ul><li>Limpa vidros \u00e9 um produto muito eficiente quando aplicado nos pain\u00e9is, apesar de receber outra indica\u00e7\u00e3o do mercado;<\/li><li>Realize a limpeza no mesmo sentido e evite movimentos circulares;<\/li><li>Thinner n\u00e3o \u00e9 recomend\u00e1vel, pois pode danificar as fitas de borda e ocasionar manchas na superf\u00edcie;<\/li><li>Nunca use esponjas mais duras, panos secos, detergentes com pH neutro e outros produtos abrasivos.<\/li><\/ul>\n\n\n\n<p>Por fim, seguindo essas dicas \u00e9 poss\u00edvel conservar a forma e vida \u00fatil do m\u00f3vel compensado. Afinal, tratar seus m\u00f3veis com cuidado vale muito a pena, pois voc\u00ea evita o desgaste ou gastos com manuten\u00e7\u00e3o.<\/p>\n\n\n\n<p>Para compensados de qualidade, entre em contato com a Relvaplac clicando <a href=\"https:\/\/relvaplac.com.br\/en\/#contato\">AQUI<\/a><\/p>\n\n\n\n<p>Veja tamb\u00e9m:<\/p>\n\n\n\n<p><a href=\"https:\/\/relvaplac.com.br\/en\/tipos-e-funcionalidades-dos-compensados\/\">Tipos e funcionalidades dos compensados<\/a><\/p>\n\n\n\n<p><a href=\"https:\/\/relvaplac.com.br\/en\/compensados-da-relvaplac\/\">Motivos para investir em compensados da Relvaplac<\/a><\/p>","protected":false},"excerpt":{"rendered":"<p>A cada dia mais os compensados s\u00e3o popularizados e conhecidos e utilizados no Brasil , assim como j\u00e1 acontece na Europa, Am\u00e9rica do Norte e outras regi\u00f5es, pelos resultados que entregam nas mais diferentes aplica\u00e7\u00f5es com muita facilidade e bom resultado.<\/p>","protected":false},"author":2,"featured_media":1000,"comment_status":"open","ping_status":"open","sticky":false,"template":"","format":"standard","meta":{"footnotes":""},"categories":[17],"tags":[],"yoast_head":"<!-- This site is optimized with the Yoast SEO plugin v22.5 - https:\/\/yoast.com\/wordpress\/plugins\/seo\/ -->\n<title>Cuidados para aumentar a vida \u00fatil do m\u00f3vel compensado - Relvaplac Compensados<\/title>\n<meta name=\"robots\" content=\"index, follow, max-snippet:-1, max-image-preview:large, max-video-preview:-1\" \/>\n<link rel=\"canonical\" href=\"https:\/\/relvaplac.com.br\/en\/cuidados-para-aumentar-a-vida-util-do-movel-compensado\/\" \/>\n<meta property=\"og:locale\" content=\"en_US\" \/>\n<meta property=\"og:type\" content=\"article\" \/>\n<meta property=\"og:title\" content=\"Cuidados para aumentar a vida \u00fatil do m\u00f3vel compensado - Relvaplac Compensados\" \/>\n<meta property=\"og:description\" content=\"A cada dia mais os compensados s\u00e3o popularizados e conhecidos e utilizados no Brasil , assim como j\u00e1 acontece na Europa, Am\u00e9rica do Norte e outras regi\u00f5es, pelos resultados que entregam nas mais diferentes aplica\u00e7\u00f5es com muita facilidade e bom resultado.\" \/>\n<meta property=\"og:url\" content=\"https:\/\/relvaplac.com.br\/en\/cuidados-para-aumentar-a-vida-util-do-movel-compensado\/\" \/>\n<meta property=\"og:site_name\" content=\"Relvaplac Compensados\" \/>\n<meta property=\"article:published_time\" content=\"2022-05-06T21:00:00+00:00\" \/>\n<meta property=\"article:modified_time\" content=\"2022-05-06T18:27:54+00:00\" \/>\n<meta property=\"og:image\" content=\"https:\/\/relvaplac.com.br\/wp-content\/uploads\/2022\/05\/DSC03136okooko.jpg\" \/>\n\t<meta property=\"og:image:width\" content=\"570\" \/>\n\t<meta property=\"og:image:height\" content=\"300\" \/>\n\t<meta property=\"og:image:type\" content=\"image\/jpeg\" \/>\n<meta name=\"author\" content=\"blog\" \/>\n<meta name=\"twitter:card\" content=\"summary_large_image\" \/>\n<meta name=\"twitter:label1\" content=\"Written by\" \/>\n\t<meta name=\"twitter:data1\" content=\"blog\" \/>\n\t<meta name=\"twitter:label2\" content=\"Est. reading time\" \/>\n\t<meta name=\"twitter:data2\" content=\"2 minutes\" \/>\n<script type=\"application\/ld+json\" class=\"yoast-schema-graph\">{\"@context\":\"https:\/\/schema.org\",\"@graph\":[{\"@type\":\"WebPage\",\"@id\":\"https:\/\/relvaplac.com.br\/cuidados-para-aumentar-a-vida-util-do-movel-compensado\/\",\"url\":\"https:\/\/relvaplac.com.br\/cuidados-para-aumentar-a-vida-util-do-movel-compensado\/\",\"name\":\"Cuidados para aumentar a vida \u00fatil do m\u00f3vel compensado - Relvaplac Compensados\",\"isPartOf\":{\"@id\":\"https:\/\/relvaplac.com.br\/#website\"},\"primaryImageOfPage\":{\"@id\":\"https:\/\/relvaplac.com.br\/cuidados-para-aumentar-a-vida-util-do-movel-compensado\/#primaryimage\"},\"image\":{\"@id\":\"https:\/\/relvaplac.com.br\/cuidados-para-aumentar-a-vida-util-do-movel-compensado\/#primaryimage\"},\"thumbnailUrl\":\"https:\/\/relvaplac.com.br\/wp-content\/uploads\/2022\/05\/DSC03136okooko.jpg\",\"datePublished\":\"2022-05-06T21:00:00+00:00\",\"dateModified\":\"2022-05-06T18:27:54+00:00\",\"author\":{\"@id\":\"https:\/\/relvaplac.com.br\/#\/schema\/person\/948c79c7e8a3a9ead5ecb4a5d273016c\"},\"breadcrumb\":{\"@id\":\"https:\/\/relvaplac.com.br\/cuidados-para-aumentar-a-vida-util-do-movel-compensado\/#breadcrumb\"},\"inLanguage\":\"en-US\",\"potentialAction\":[{\"@type\":\"ReadAction\",\"target\":[\"https:\/\/relvaplac.com.br\/cuidados-para-aumentar-a-vida-util-do-movel-compensado\/\"]}]},{\"@type\":\"ImageObject\",\"inLanguage\":\"en-US\",\"@id\":\"https:\/\/relvaplac.com.br\/cuidados-para-aumentar-a-vida-util-do-movel-compensado\/#primaryimage\",\"url\":\"https:\/\/relvaplac.com.br\/wp-content\/uploads\/2022\/05\/DSC03136okooko.jpg\",\"contentUrl\":\"https:\/\/relvaplac.com.br\/wp-content\/uploads\/2022\/05\/DSC03136okooko.jpg\",\"width\":570,\"height\":300,\"caption\":\"compensado\"},{\"@type\":\"BreadcrumbList\",\"@id\":\"https:\/\/relvaplac.com.br\/cuidados-para-aumentar-a-vida-util-do-movel-compensado\/#breadcrumb\",\"itemListElement\":[{\"@type\":\"ListItem\",\"position\":1,\"name\":\"In\u00edcio\",\"item\":\"https:\/\/relvaplac.com.br\/pt_br\/\"},{\"@type\":\"ListItem\",\"position\":2,\"name\":\"Cuidados para aumentar a vida \u00fatil do m\u00f3vel compensado\"}]},{\"@type\":\"WebSite\",\"@id\":\"https:\/\/relvaplac.com.br\/#website\",\"url\":\"https:\/\/relvaplac.com.br\/\",\"name\":\"Relvaplac Compensados\",\"description\":\"Exportamos para todos os continentes\",\"potentialAction\":[{\"@type\":\"SearchAction\",\"target\":{\"@type\":\"EntryPoint\",\"urlTemplate\":\"https:\/\/relvaplac.com.br\/?s={search_term_string}\"},\"query-input\":\"required name=search_term_string\"}],\"inLanguage\":\"en-US\"},{\"@type\":\"Person\",\"@id\":\"https:\/\/relvaplac.com.br\/#\/schema\/person\/948c79c7e8a3a9ead5ecb4a5d273016c\",\"name\":\"blog\",\"image\":{\"@type\":\"ImageObject\",\"inLanguage\":\"en-US\",\"@id\":\"https:\/\/relvaplac.com.br\/#\/schema\/person\/image\/\",\"url\":\"https:\/\/secure.gravatar.com\/avatar\/0e72f847a2efd70e0b224db73715ca9a?s=96&d=mm&r=g\",\"contentUrl\":\"https:\/\/secure.gravatar.com\/avatar\/0e72f847a2efd70e0b224db73715ca9a?s=96&d=mm&r=g\",\"caption\":\"blog\"},\"url\":\"https:\/\/relvaplac.com.br\/en\/author\/blog\/\"}]}<\/script>\n<!-- \/ Yoast SEO plugin. -->","yoast_head_json":{"title":"Cuidados para aumentar a vida \u00fatil do m\u00f3vel compensado - Relvaplac Compensados","robots":{"index":"index","follow":"follow","max-snippet":"max-snippet:-1","max-image-preview":"max-image-preview:large","max-video-preview":"max-video-preview:-1"},"canonical":"https:\/\/relvaplac.com.br\/en\/cuidados-para-aumentar-a-vida-util-do-movel-compensado\/","og_locale":"en_US","og_type":"article","og_title":"Cuidados para aumentar a vida \u00fatil do m\u00f3vel compensado - Relvaplac Compensados","og_description":"A cada dia mais os compensados s\u00e3o popularizados e conhecidos e utilizados no Brasil , assim como j\u00e1 acontece na Europa, Am\u00e9rica do Norte e outras regi\u00f5es, pelos resultados que entregam nas mais diferentes aplica\u00e7\u00f5es com muita facilidade e bom resultado.","og_url":"https:\/\/relvaplac.com.br\/en\/cuidados-para-aumentar-a-vida-util-do-movel-compensado\/","og_site_name":"Relvaplac Compensados","article_published_time":"2022-05-06T21:00:00+00:00","article_modified_time":"2022-05-06T18:27:54+00:00","og_image":[{"width":570,"height":300,"url":"https:\/\/relvaplac.com.br\/wp-content\/uploads\/2022\/05\/DSC03136okooko.jpg","type":"image\/jpeg"}],"author":"blog","twitter_card":"summary_large_image","twitter_misc":{"Written by":"blog","Est. reading time":"2 minutes"},"schema":{"@context":"https:\/\/schema.org","@graph":[{"@type":"WebPage","@id":"https:\/\/relvaplac.com.br\/cuidados-para-aumentar-a-vida-util-do-movel-compensado\/","url":"https:\/\/relvaplac.com.br\/cuidados-para-aumentar-a-vida-util-do-movel-compensado\/","name":"Cuidados para aumentar a vida \u00fatil do m\u00f3vel compensado - Relvaplac Compensados","isPartOf":{"@id":"https:\/\/relvaplac.com.br\/#website"},"primaryImageOfPage":{"@id":"https:\/\/relvaplac.com.br\/cuidados-para-aumentar-a-vida-util-do-movel-compensado\/#primaryimage"},"image":{"@id":"https:\/\/relvaplac.com.br\/cuidados-para-aumentar-a-vida-util-do-movel-compensado\/#primaryimage"},"thumbnailUrl":"https:\/\/relvaplac.com.br\/wp-content\/uploads\/2022\/05\/DSC03136okooko.jpg","datePublished":"2022-05-06T21:00:00+00:00","dateModified":"2022-05-06T18:27:54+00:00","author":{"@id":"https:\/\/relvaplac.com.br\/#\/schema\/person\/948c79c7e8a3a9ead5ecb4a5d273016c"},"breadcrumb":{"@id":"https:\/\/relvaplac.com.br\/cuidados-para-aumentar-a-vida-util-do-movel-compensado\/#breadcrumb"},"inLanguage":"en-US","potentialAction":[{"@type":"ReadAction","target":["https:\/\/relvaplac.com.br\/cuidados-para-aumentar-a-vida-util-do-movel-compensado\/"]}]},{"@type":"ImageObject","inLanguage":"en-US","@id":"https:\/\/relvaplac.com.br\/cuidados-para-aumentar-a-vida-util-do-movel-compensado\/#primaryimage","url":"https:\/\/relvaplac.com.br\/wp-content\/uploads\/2022\/05\/DSC03136okooko.jpg","contentUrl":"https:\/\/relvaplac.com.br\/wp-content\/uploads\/2022\/05\/DSC03136okooko.jpg","width":570,"height":300,"caption":"compensado"},{"@type":"BreadcrumbList","@id":"https:\/\/relvaplac.com.br\/cuidados-para-aumentar-a-vida-util-do-movel-compensado\/#breadcrumb","itemListElement":[{"@type":"ListItem","position":1,"name":"In\u00edcio","item":"https:\/\/relvaplac.com.br\/pt_br\/"},{"@type":"ListItem","position":2,"name":"Cuidados para aumentar a vida \u00fatil do m\u00f3vel compensado"}]},{"@type":"WebSite","@id":"https:\/\/relvaplac.com.br\/#website","url":"https:\/\/relvaplac.com.br\/","name":"Relvaplac Compensados","description":"Exportamos para todos os continentes","potentialAction":[{"@type":"SearchAction","target":{"@type":"EntryPoint","urlTemplate":"https:\/\/relvaplac.com.br\/?s={search_term_string}"},"query-input":"required name=search_term_string"}],"inLanguage":"en-US"},{"@type":"Person","@id":"https:\/\/relvaplac.com.br\/#\/schema\/person\/948c79c7e8a3a9ead5ecb4a5d273016c","name":"blog","image":{"@type":"ImageObject","inLanguage":"en-US","@id":"https:\/\/relvaplac.com.br\/#\/schema\/person\/image\/","url":"https:\/\/secure.gravatar.com\/avatar\/0e72f847a2efd70e0b224db73715ca9a?s=96&d=mm&r=g","contentUrl":"https:\/\/secure.gravatar.com\/avatar\/0e72f847a2efd70e0b224db73715ca9a?s=96&d=mm&r=g","caption":"blog"},"url":"https:\/\/relvaplac.com.br\/en\/author\/blog\/"}]}},"_links":{"self":[{"href":"https:\/\/relvaplac.com.br\/en\/wp-json\/wp\/v2\/posts\/999"}],"collection":[{"href":"https:\/\/relvaplac.com.br\/en\/wp-json\/wp\/v2\/posts"}],"about":[{"href":"https:\/\/relvaplac.com.br\/en\/wp-json\/wp\/v2\/types\/post"}],"author":[{"embeddable":true,"href":"https:\/\/relvaplac.com.br\/en\/wp-json\/wp\/v2\/users\/2"}],"replies":[{"embeddable":true,"href":"https:\/\/relvaplac.com.br\/en\/wp-json\/wp\/v2\/comments?post=999"}],"version-history":[{"count":6,"href":"https:\/\/relvaplac.com.br\/en\/wp-json\/wp\/v2\/posts\/999\/revisions"}],"predecessor-version":[{"id":1014,"href":"https:\/\/relvaplac.com.br\/en\/wp-json\/wp\/v2\/posts\/999\/revisions\/1014"}],"wp:featuredmedia":[{"embeddable":true,"href":"https:\/\/relvaplac.com.br\/en\/wp-json\/wp\/v2\/media\/1000"}],"wp:attachment":[{"href":"https:\/\/relvaplac.com.br\/en\/wp-json\/wp\/v2\/media?parent=999"}],"wp:term":[{"taxonomy":"category","embeddable":true,"href":"https:\/\/relvaplac.com.br\/en\/wp-json\/wp\/v2\/categories?post=999"},{"taxonomy":"post_tag","embeddable":true,"href":"https:\/\/relvaplac.com.br\/en\/wp-json\/wp\/v2\/tags?post=999"}],"curies":[{"name":"wp","href":"https:\/\/api.w.org\/{rel}","templated":true}]}}